{"id":35103,"date":"2025-12-15T22:19:40","date_gmt":"2025-12-15T20:19:40","guid":{"rendered":"https:\/\/www.spielplatztreff.de\/blog\/?p=35103"},"modified":"2025-12-15T22:19:42","modified_gmt":"2025-12-15T20:19:42","slug":"tag-der-offenen-tuer-in-der-kita-so-finden-eltern-die-passende-einrichtung-fuer-ihr-kind","status":"publish","type":"post","link":"https:\/\/www.spielplatztreff.de\/blog\/tag-der-offenen-tuer-in-der-kita-so-finden-eltern-die-passende-einrichtung-fuer-ihr-kind\/","title":{"rendered":"Tag der offenen T\u00fcr in der Kita: So finden Eltern die passende Einrichtung f\u00fcr ihr Kind"},"content":{"rendered":"\n<p><em>\u2013 Anzeige \u2013<\/em><\/p>\n\n\n\n<p><strong>Der Tag der offenen T\u00fcr in der Kita zeigt Eltern, wo sich Kinder sicher, gesehen und wohlf\u00fchlen \u2013 eine wichtige Entscheidungshilfe.<\/strong><\/p>\n\n\n\n<p>Ein Tag der offenen T\u00fcr in der Kita f\u00fchlt sich f\u00fcr viele Familien wie ein kleiner Meilenstein an. Das Kind wird einen neuen Ort entdecken, neue Menschen treffen und einen Alltag erleben, der sich deutlich vom Zuhause unterscheidet. Entsprechend gro\u00df sind Erwartungen, Fragen \u2013 und manchmal auch Unsicherheit. Am Ende geht es nicht nur um Konzepte, \u00d6ffnungszeiten oder Essenspl\u00e4ne, sondern vor allem um Vertrauen: in das Team, in den Umgang mit Kindern und in eine Umgebung, die Sicherheit und Neugier gleicherma\u00dfen erm\u00f6glicht.<\/p>\n<p>Ein offener Besuchstag erlaubt es, genau dieses Vertrauen wachsen zu lassen. Und er hilft, Fragen zu konkretisieren, die man vielleicht vorher gar nicht hatte: Wie l\u00e4uft das Ankommen morgens? Was passiert, wenn ein Kind weint? Wie sprechen die Fachkr\u00e4fte mit den Kindern? Wie reagieren sie, wenn Konflikte entstehen? All das l\u00e4sst sich bei einem kurzen Rundgang und durch <a href=\"https:\/\/www.wichtel-muenchen.com\/de\/magazin\/paedagogik\/warum-der-tag-der-offenen-tuer-fuer-eltern-wichtig-ist\" target=\"_blank\" rel=\"noopener\">hilfreiche Tipps<\/a> oft besser erfassen als durch jede Brosch\u00fcre.<\/p>\n\n\n\n<h2 class=\"wp-block-heading\"><strong>Warum der erste Eindruck so wichtig ist<\/strong><\/h2>\n\n\n\n<p><span style=\"font-weight: 400;\">Der Tag der offenen T\u00fcr bietet einen unmittelbaren Blick in den Alltag der Einrichtung. Kinder sind in Bewegung, Abl\u00e4ufe werden sichtbar, R\u00e4ume werden mit allen Sinnen erlebt. So entsteht ein Bild, das \u00fcber Hochglanzkonzepte hinausgeht: Wirkt die Atmosph\u00e4re eher ruhig oder hektisch, freundlich oder distanziert?<\/span><\/p>\n<p>Besonders aufschlussreich ist der Blick nach drau\u00dfen: Das Au\u00dfengel\u00e4nde zeigt, wie wichtig Bewegung, freies Spiel und Naturerfahrung im Kita-Alltag sind \u2013 \u00e4hnlich wie auf einem guten Spielplatz. <a href=\"https:\/\/www.spielplatztreff.de\" target=\"_blank\" rel=\"noopener\">Spielpl\u00e4tze<\/a> sind f\u00fcr viele Kinder vertraute Orte. Wer hier genau hinschaut, erkennt schnell, welche Spiel- und Bewegungsr\u00e4ume dem eigenen Kind guttun.<\/p>\n\n\n\n<hr class=\"wp-block-separator has-text-color has-light-green-cyan-color has-alpha-channel-opacity has-light-green-cyan-background-color has-background is-style-wide\"\/>\n\n\n\n<div style=\"height:15px\" aria-hidden=\"true\" class=\"wp-block-spacer\"><\/div>\n\n\n\n<div class=\"wp-block-media-text is-stacked-on-mobile\" style=\"grid-template-columns:40% auto\"><figure class=\"wp-block-media-text__media\"><a href=\"https:\/\/www.spielplatztreff.de\/blog\/kinder-muessen-sich-bewegen-um-die-welt-reinzulassen\/\" target=\"_blank\" rel=\" noreferrer noopener\"><img loading=\"lazy\" decoding=\"async\" width=\"640\" height=\"640\" src=\"https:\/\/www.spielplatztreff.de\/blog\/wp-content\/uploads\/2025\/12\/spielplatz-dierdorfer-landstrasse-a-in-selters-westerwald_q.jpg\" alt=\"Kind klettert auf ein Stielplatzger\u00e4t in Krokodilfarm\" class=\"wp-image-35123 size-full\" srcset=\"https:\/\/www.spielplatztreff.de\/blog\/wp-content\/uploads\/2025\/12\/spielplatz-dierdorfer-landstrasse-a-in-selters-westerwald_q.jpg 640w, https:\/\/www.spielplatztreff.de\/blog\/wp-content\/uploads\/2025\/12\/spielplatz-dierdorfer-landstrasse-a-in-selters-westerwald_q-300x300.jpg 300w, https:\/\/www.spielplatztreff.de\/blog\/wp-content\/uploads\/2025\/12\/spielplatz-dierdorfer-landstrasse-a-in-selters-westerwald_q-150x150.jpg 150w, https:\/\/www.spielplatztreff.de\/blog\/wp-content\/uploads\/2025\/12\/spielplatz-dierdorfer-landstrasse-a-in-selters-westerwald_q-440x440.jpg 440w\" sizes=\"(max-width: 640px) 100vw, 640px\" \/><\/a><\/figure><div class=\"wp-block-media-text__content\">\n<p><strong>KINDER M\u00dcSSEN SICH BEWEGEN, UM DIE WELT \u201eREINZULASSEN\u201c<\/strong><br>Kinder erschlie\u00dfen sich die Welt in Bewegung. Regelm\u00e4\u00dfige Spielplatzbesuche geben ihnen Raum zum Entdecken, Ausprobieren und Wachsen.\u00a0<a href=\"https:\/\/www.spielplatztreff.de\/blog\/kinder-muessen-sich-bewegen-um-die-welt-reinzulassen\/\" target=\"_blank\" rel=\"noopener\" title=\"\">Mehr<\/a><\/p>\n<\/div><\/div>\n\n\n\n<div style=\"height:15px\" aria-hidden=\"true\" class=\"wp-block-spacer\"><\/div>\n\n\n\n<hr class=\"wp-block-separator has-text-color has-light-green-cyan-color has-alpha-channel-opacity has-light-green-cyan-background-color has-background is-style-wide\"\/>\n\n\n\n<div style=\"height:15px\" aria-hidden=\"true\" class=\"wp-block-spacer\"><\/div>\n\n\n\n<p>Gleichzeitig spiegelt der Besuch die Kultur der Kita wider. Wie werden Besucher begr\u00fc\u00dft? Nehmen sich Fachkr\u00e4fte Zeit f\u00fcr Fragen? Wird offen erkl\u00e4rt, wie der Tag strukturiert ist, wie Eingew\u00f6hnung funktioniert und wie mit Emotionen umgegangen wird? Eltern d\u00fcrfen diese Signale ernst nehmen, ohne sich daf\u00fcr rechtfertigen zu m\u00fcssen.<\/p>\n<p>Der Besuch hilft au\u00dferdem, Priorit\u00e4ten zu sortieren. Aus einer langen Wunschliste \u2013 Au\u00dfengel\u00e4nde, besondere Schwerpunkte, Bio-Essen \u2013 kristallisiert sich heraus, was wirklich tr\u00e4gt: Beziehungston, Verl\u00e4sslichkeit, klare Strukturen und der Eindruck, dass Kinder als individuelle Pers\u00f6nlichkeiten wahrgenommen werden.<\/p>\n\n\n\n<h2 class=\"wp-block-heading\"><strong>Gut vorbereitet in den Tag der offenen T\u00fcr<\/strong><\/h2>\n\n\n\n<p>Damit der Besuch mehr ist als ein kurzer Rundgang, lohnt ein klarer Fokus. Hilfreich ist, vorab einige Leitfragen zu sammeln: Wie soll die Eingew\u00f6hnung aussehen? Welche Rolle spielen Freispiel und Angebote? Wie wichtig sind Ruhephasen, Sprache oder Inklusion?<\/p>\n\n\n\n<p>Auch organisatorische Vorbereitung entspannt den Tag: ausreichend Zeit einplanen, nach M\u00f6glichkeit zu zweit kommen, das Kind ohne Erwartungsdruck mitnehmen. Kinder d\u00fcrfen vorsichtig sein, still beobachten oder sofort losspielen \u2013 jede Reaktion liefert Hinweise darauf, welche Umgebung gut tut.<\/p>\n\n\n\n<p>Ein kleiner innerer Leitfaden kann Orientierung geben: Wirken R\u00e4ume \u00fcbersichtlich und nicht \u00fcberladen? Gibt es R\u00fcckzugsm\u00f6glichkeiten? Wie sprechen die Fachkr\u00e4fte mit den Kindern? Werden Gef\u00fchle wahrgenommen und benannt? Solche Fragen strukturieren den Blick, ohne in ein starres Bewertungsraster zu rutschen.<\/p>\n\n\n\n<h2 class=\"wp-block-heading\"><strong>Beobachten, nachfragen, einordnen<\/strong><\/h2>\n\n\n\n<p>W\u00e4hrend des Rundgangs sagt Beobachtung oft mehr als lange Erkl\u00e4rungen. Wichtig ist der Blick auf Alltagssituationen: Wie wird geholfen, wenn ein Kind etwas nicht allein schafft? Wie werden Regeln erkl\u00e4rt? Wird ruhig begleitet oder schnell ermahnt?<\/p>\n<p>Auch die Zusammenarbeit mit Eltern wird sichtbar: Aush\u00e4nge, Wochenpl\u00e4ne, Dokumentationen und Fotos zeigen, wie transparent die Einrichtung arbeitet und ob Eltern als Partner gedacht sind.<\/p>\n<p>Fragen an das Team wirken besonders aussagekr\u00e4ftig, wenn sie konkrete Situationen aufgreifen: Wie l\u00e4uft die Eingew\u00f6hnung ab, wenn ein Kind l\u00e4nger braucht? Was passiert, wenn Kinder heftig streiten? Wie wird mit unterschiedlichen Sprachst\u00e4nden oder famili\u00e4ren Hintergr\u00fcnden umgegangen?<\/p>\n<p>Wichtig ist nicht nur der Inhalt der Antwort, sondern auch die Haltung dahinter: Wird ruhig und nachvollziehbar erkl\u00e4rt, oder eher ausweichend? So entsteht ein Gesamtbild, das \u00fcber einzelne Szenen hinausweist.<\/p>\n\n\n\n<h2 class=\"wp-block-heading\"><strong>Nach dem Besuch: Eindr\u00fccke sortieren und den \u00dcbergang gestalten<\/strong><\/h2>\n\n\n\n<p>Die eigentliche Entscheidung reift meist erst nach dem Besuch. Ein kurzer Austausch am selben Tag hilft, Eindr\u00fccke festzuhalten: Was hat \u00fcberzeugt, was irritiert, was blieb besonders im Kopf? Notizen zu Gef\u00fchlen (\u201eruhige Atmosph\u00e4re\u201c, \u201eTeam wirkte abgestimmt\u201c) sind oft hilfreicher als reine Fakten.<\/p>\n<p>Unsicherheiten geh\u00f6ren dazu. Nicht jede Kita wirkt in allen Punkten ideal, und ein lebendiger Ort mit Kindern ist nie perfekt. Entscheidend ist, ob m\u00f6gliche Irritationen grundlegende Werte betreffen \u2013 etwa den Umgang mit Kindern \u2013 oder eher Randdetails sind. Dabei kann es helfen, das eigene Bauchgef\u00fchl zu benennen und mit n\u00fcchterner Reflexion zu verbinden.<\/p>\n<p>Wenn die Entscheidung gefallen ist, beginnt der \u00dcbergang. Der Tag der offenen T\u00fcr dient dann als Anker: Das Kind kennt bereits R\u00e4ume, Stimmen und erste Gesichter. Gespr\u00e4che \u00fcber das Gesehene, kleine Rituale rund um den Start und eine klare, ruhige Kommunikation geben Sicherheit.<\/p>\n<p><strong>So wird der Tag der offenen T\u00fcr mehr als eine Informationsveranstaltung. Er bildet den Auftakt f\u00fcr eine Beziehung zwischen Familie und Kita, die im besten Fall langfristig tr\u00e4gt \u2013 und Kindern einen Alltag erm\u00f6glicht, in dem sie sich sicher, neugierig und zugeh\u00f6rig f\u00fchlen.<\/strong><\/p>\n<p><em>Titel-Foto: Gemeinsam lachen, zuh\u00f6ren, dazugeh\u00f6ren: Der Kita-Alltag wird beim Tag der offenen T\u00fcr lebendig. <\/em><i><em>\u00a9<span style=\"font-weight: 400;\">tolmacho\/pixabay<\/span><\/em><\/i><\/p>\n<p data-start=\"377\" data-end=\"521\">\u00a0<\/p>\n","protected":false},"excerpt":{"rendered":"<p>\u2013 Anzeige \u2013 Der Tag der offenen T\u00fcr in der Kita zeigt Eltern, wo sich Kinder sicher, gesehen und wohlf\u00fchlen \u2013 eine wichtige Entscheidungshilfe. Ein Tag der offenen T\u00fcr in der Kita f\u00fchlt sich f\u00fcr viele Familien wie ein kleiner Meilenstein an. Das Kind wird einen neuen Ort entdecken, neue Menschen treffen und einen Alltag [&hellip;]<\/p>\n","protected":false},"author":604,"featured_media":35108,"comment_status":"open","ping_status":"open","sticky":false,"template":"","format":"standard","meta":{"_et_pb_use_builder":"","_et_pb_old_content":"","_et_gb_content_width":"","_monsterinsights_skip_tracking":false,"_monsterinsights_sitenote_active":false,"_monsterinsights_sitenote_note":"","_monsterinsights_sitenote_category":0,"footnotes":""},"categories":[353],"tags":[261],"class_list":["post-35103","post","type-post","status-publish","format-standard","has-post-thumbnail","hentry","category-spiel-und-bewegung","tag-spielplatz-eltern","et-has-post-format-content","et_post_format-et-post-format-standard"],"aioseo_notices":[],"_links":{"self":[{"href":"https:\/\/www.spielplatztreff.de\/blog\/wp-json\/wp\/v2\/posts\/35103","targetHints":{"allow":["GET"]}}],"collection":[{"href":"https:\/\/www.spielplatztreff.de\/blog\/wp-json\/wp\/v2\/posts"}],"about":[{"href":"https:\/\/www.spielplatztreff.de\/blog\/wp-json\/wp\/v2\/types\/post"}],"author":[{"embeddable":true,"href":"https:\/\/www.spielplatztreff.de\/blog\/wp-json\/wp\/v2\/users\/604"}],"replies":[{"embeddable":true,"href":"https:\/\/www.spielplatztreff.de\/blog\/wp-json\/wp\/v2\/comments?post=35103"}],"version-history":[{"count":11,"href":"https:\/\/www.spielplatztreff.de\/blog\/wp-json\/wp\/v2\/posts\/35103\/revisions"}],"predecessor-version":[{"id":35221,"href":"https:\/\/www.spielplatztreff.de\/blog\/wp-json\/wp\/v2\/posts\/35103\/revisions\/35221"}],"wp:featuredmedia":[{"embeddable":true,"href":"https:\/\/www.spielplatztreff.de\/blog\/wp-json\/wp\/v2\/media\/35108"}],"wp:attachment":[{"href":"https:\/\/www.spielplatztreff.de\/blog\/wp-json\/wp\/v2\/media?parent=35103"}],"wp:term":[{"taxonomy":"category","embeddable":true,"href":"https:\/\/www.spielplatztreff.de\/blog\/wp-json\/wp\/v2\/categories?post=35103"},{"taxonomy":"post_tag","embeddable":true,"href":"https:\/\/www.spielplatztreff.de\/blog\/wp-json\/wp\/v2\/tags?post=35103"}],"curies":[{"name":"wp","href":"https:\/\/api.w.org\/{rel}","templated":true}]}}