{"id":13068,"date":"2015-10-12T08:42:12","date_gmt":"2015-10-12T07:42:12","guid":{"rendered":"http:\/\/www.spielplatztreff.de\/blog\/?p=13068"},"modified":"2023-01-03T10:39:57","modified_gmt":"2023-01-03T09:39:57","slug":"der-drang-mich-zu-engagieren-liegt-in-meinen-genen","status":"publish","type":"post","link":"https:\/\/www.spielplatztreff.de\/blog\/der-drang-mich-zu-engagieren-liegt-in-meinen-genen\/","title":{"rendered":"\u201eDER DRANG, MICH ZU ENGAGIEREN, LIEGT IN MEINEN GENEN&#8221;"},"content":{"rendered":"\n<p><strong>Uwe Grunert ist 61 Jahre alt, dreifacher Vater, war Zivilangestellter bei der Bundeswehr und ist mittlerweile im Vorruhestand. Seit 12 Jahren k\u00fcmmert er sich als Spielplatzpate auf dem Spielplatz in der Brehmstra\u00dfe in K\u00f6ln-Riehl.<\/strong><\/p>\n\n\n\n<h3 class=\"wp-block-heading\">Darum bin ich Spielplatzpate:<\/h3>\n\n\n\n<blockquote class=\"wp-block-quote is-style-default is-layout-flow wp-block-quote-is-layout-flow\">\n<p>Der Spielplatz sah total verhunzt aus.<\/p>\n<\/blockquote>\n\n\n\n<figure class=\"wp-block-image alignleft\"><a href=\"https:\/\/www.spielplatztreff.de\/spielplatz\/brehmstrasse-in-koeln_4313\"><img loading=\"lazy\" decoding=\"async\" width=\"150\" height=\"150\" src=\"https:\/\/www.spielplatztreff.de\/blog\/wp-content\/uploads\/2015\/10\/spielplatz-brehmstrasse-in-koeln-150x150.jpg\" alt=\"spielplatz-brehmstrasse-in-koeln\" class=\"wp-image-13071\" srcset=\"https:\/\/www.spielplatztreff.de\/blog\/wp-content\/uploads\/2015\/10\/spielplatz-brehmstrasse-in-koeln-150x150.jpg 150w, https:\/\/www.spielplatztreff.de\/blog\/wp-content\/uploads\/2015\/10\/spielplatz-brehmstrasse-in-koeln-300x300.jpg 300w, https:\/\/www.spielplatztreff.de\/blog\/wp-content\/uploads\/2015\/10\/spielplatz-brehmstrasse-in-koeln.jpg 329w\" sizes=\"(max-width: 150px) 100vw, 150px\" \/><\/a><\/figure>\n\n\n\n<p>Wir wohnen schon seit 1992 direkt neben dem <a href=\"https:\/\/www.spielplatztreff.de\/spielplatz\/brehmstrasse-in-koeln_4313\" target=\"_blank\" rel=\"noopener\" title=\"\">Spielplatz Brehmstra\u00dfe in K\u00f6ln<\/a>. 2003, als unser J\u00fcngster acht oder neun Jahre alt war, sah der Spielplatz total verhunzt aus: das Gras war hochgewachsen, die Ger\u00e4te morsch, gr\u00f6\u00dftenteils abmontiert&#8230; Da haben meine Frau und ich gedacht: \u201eKomm da m\u00fcssen wir irgend etwas tun, wenn das kein anderer macht.\u201c<\/p>\n\n\n\n<div style=\"height:20px\" aria-hidden=\"true\" class=\"wp-block-spacer\"><\/div>\n\n\n\n<hr>\n\n\n\n<figure class=\"wp-block-image alignleft size-full\"><a href=\"https:\/\/www.spielplatztreff.de\/blog\/wp-content\/uploads\/2020\/02\/icon-pfeil-rechts-rund-50x50-1.png\"><img loading=\"lazy\" decoding=\"async\" width=\"50\" height=\"50\" src=\"https:\/\/www.spielplatztreff.de\/blog\/wp-content\/uploads\/2020\/02\/icon-pfeil-rechts-rund-50x50-1.png\" alt=\"\" class=\"wp-image-19467\"\/><\/a><\/figure>\n\n\n\n<p>Auf Spielplatztreff findest du weitere&nbsp;<a href=\"https:\/\/www.spielplatztreff.de\/spielplaetze\/k\u00f6ln\" target=\"_blank\" rel=\"noopener\">Spielpl\u00e4tze in K\u00f6ln<\/a>&nbsp;mit Fotos und Bewertungen.<\/p>\n<hr>\n<p>&nbsp;<\/p>\n\n\n\n<h3 class=\"wp-block-heading\">Das treibt mich als Spielplatzpate an:<\/h3>\n\n\n\n<blockquote class=\"wp-block-quote is-style-default is-layout-flow wp-block-quote-is-layout-flow\">\n<p>Ich glaube, ich habe diesen Drang, mich sozial zu engagieren, irgendwie in den Genen.<\/p>\n<\/blockquote>\n\n\n\n<p>Ich m\u00f6chte mich in meinem Wohnumfeld wohl f\u00fchlen. Wenn ich sehe, da ist eine M\u00fcllhalde, dann setze ich mich gar nicht erst hin. Ich kann nicht zugucken, wenn Leute einfach ihren M\u00fcll in die Gegend werfen und nichts dagegen tun. Ich glaube, ich habe dieses Helfer-Syndrom, diesen Drang, mich sozial zu engagieren, irgendwie in den Genen. Das habe ich von meiner Mutter geerbt. Deshalb engagiere ich mich auch noch seit einem Jahr in der Fl\u00fcchtlingshilfe beim Runden Tisch Riehl und seit langem schon bei unserem Riehler Sportverein DJK L\u00f6we K\u00f6ln e.V..<\/p>\n\n\n\n<h3 class=\"wp-block-heading\">So viel Zeit investiere ich als Spielplatzpate:<\/h3>\n\n\n\n<blockquote class=\"wp-block-quote is-style-default is-layout-flow wp-block-quote-is-layout-flow\">\n<p>Aber wenn was ist, kann ich die Stadt schnell informieren.<\/p>\n<\/blockquote>\n\n\n\n<p>Im Schnitt vier Stunden pro Woche, mehr nicht. Ich gehe ab und zu \u00fcber den Spielplatz, hebe den M\u00fcll auf, r\u00fcttele an den Ger\u00e4ten, schau, ob noch alles fest ist. Wobei die Spielger\u00e4te ja vom Fachpersonal der Stadt regelm\u00e4\u00dfig kontrolliert werden. Aber wenn was ist, kann ich die Stadt ggf. schnell informieren. Wenn z. B. Ger\u00e4te mit Graffiti bespr\u00fcht sind, sage ich Bescheid, dann kommt die KASA und ein paar Tage sp\u00e4ter ist das weg. Oder wenn ich abends laute Musik h\u00f6re, gehe ich schon mal raus und sage: \u201eJungs macht die Musik bitte mal ein bisschen leiser, hier wollen die Leute schlafen.\u201c<\/p>\n\n\n\n<h3 class=\"wp-block-heading\">Das habe ich als Spielplatzpate schon erreicht:<\/h3>\n\n\n\n<blockquote class=\"wp-block-quote is-style-default is-layout-flow wp-block-quote-is-layout-flow\">\n<p>Wir haben immer wieder Mails an die Stadt geschrieben.<\/p>\n<\/blockquote>\n\n\n\n<p>Der Spielplatz ist sauber und gepflegt. Wir haben neue, fest installierte B\u00e4nke f\u00fcr unseren Spielplatz bekommen \u2013 die fr\u00fchere Bank war portabel und so musste man diese morgens immer hinter den B\u00fcschen suchen, nachdem Jugendliche die abends dort hin getragen hatten. Schwer vorstellbar, aber das hat lange gedauert. Wir haben immer wieder Mails an die Stadt geschrieben, immer wieder bei Spielplatzpaten-Treffen auf unsere Situation hingewiesen, sind drangeblieben. Auch wurden inzwischen Papierk\u00f6rbe mit schmaleren \u00d6ffnungen aufgestellt, so dass nun die V\u00f6gel nicht mehr so leicht an den Inhalt gelangen und alles verteilen. Im n\u00e4chsten Fr\u00fchjahr bekommen wir au\u00dferdem zwei neue Spielger\u00e4te f\u00fcr den Spielplatz.<\/p>\n\n\n\n<h3 class=\"wp-block-heading\">Das fordert mich als Spielplatzpate heraus:<\/h3>\n\n\n\n<blockquote class=\"wp-block-quote is-style-default is-layout-flow wp-block-quote-is-layout-flow\">\n<p>Man muss auf jeden Fall dranbleiben, man darf nicht die Lust und die Nerven verlieren.<\/p>\n<\/blockquote>\n\n\n\n<p>Etwas anstrengend finde ich diese langen Beh\u00f6rdenwege. Kaum zu glauben, was alles hinten dran h\u00e4ngt, wenn man nur eine einfache Bank aufstellen m\u00f6chte. Da sind ja gleich zwei oder drei \u00c4mter involviert. Man muss auf jeden Fall dranbleiben, man darf nicht die Lust und die Nerven verlieren. Auch wenn es schon mal bis zu zwei Jahre warten muss. Das ist Stadt, das ist Verwaltung, das dauert. Prinzipiell l\u00e4uft die Zusammenarbeit mit der Stadt aber wirklich sehr, sehr gut.<\/p>\n\n\n\n<h3 class=\"wp-block-heading\">Das hilft mir als Spielplatzpate:<\/h3>\n\n\n\n<blockquote class=\"wp-block-quote is-style-default is-layout-flow wp-block-quote-is-layout-flow\">\n<p>Meine Einstellung mit offenen Augen durchs Leben zu gehen.<\/p>\n<\/blockquote>\n\n\n\n<p>Ganz sicher: Meine Lebenserfahrung als dreifacher Familienvater. Das pr\u00e4gt unheimlich. Und meine Einstellung mit offenen Augen durchs Leben zu gehen. Man darf nicht aufh\u00f6ren zu lernen. Wenn man sagt: \u201eIch bin im Vorruhestand, mich interessiert jetzt nichts mehr\u201c dann ist man schon auf der Verliererstra\u00dfe.<\/p>\n\n\n\n<p>Au\u00dferdem ganz wichtig: Die Art, wie ich auf Leute zugehe. Ich habe die Erfahrung gemacht, wenn ich Leute h\u00f6flich anspreche &#8211; sieze und nicht duze &#8211; dann klappt das. Fr\u00fcher war ich mir manchmal auch unsicher: \u201eGehst du da jetzt hin oder riskiere ich einen t\u00e4tlichen Angriff\u201c. Aber heute sind die jungen Leute wirklich sehr umg\u00e4nglich. Mein gutes Gesp\u00fcr, die passende Ansprache zu finden, hilft mir sehr. Der Ton macht eben die Musik.<\/p>\n\n\n\n<h3 class=\"wp-block-heading\">Das habe ich als Spielplatzpate noch vor:<\/h3>\n\n\n\n<blockquote class=\"wp-block-quote is-style-default is-layout-flow wp-block-quote-is-layout-flow\">\n<p>Noch mehr Familien f\u00fcr den Spielplatz zu begeistern, w\u00e4re sch\u00f6n.<\/p>\n<\/blockquote>\n\n\n\n<p>Im Moment bin ich zufrieden. Unser letztes <a href=\"https:\/\/www.spielplatztreff.de\/blog\/2015\/08\/27\/spielplatzpaten-im-einsatz\/\" target=\"_blank\" rel=\"noopener noreferrer\">Spielplatzfest<\/a> ist super gelaufen und freue mich nun auf die neuen Spielger\u00e4te im Fr\u00fchjahr. Sobald die Ger\u00e4te da sind, wollen wir ein Einweihungsfest organisieren. Wenn es mir in Zukunft gelingt, noch mehr Familien f\u00fcr den Spielplatz zu begeistern, w\u00e4re das sch\u00f6n. Es ist aber heute schon zu merken, dass der Platz immer beliebter wird. Gerade Familien mit kleinen Kindern m\u00f6gen ihn, weil es hier ruhiger und \u00fcbersichtlicher ist als auf dem Spielplatz in der Garthestra\u00dfe. Ich mache auf jeden Fall weiter.<\/p>\n\n\n\n<div style=\"height:20px\" aria-hidden=\"true\" class=\"wp-block-spacer\"><\/div>\n\n\n\n<h4 class=\"wp-block-heading\">WEITERE SPIELPLATZPATEN ERZ\u00c4HLEN:<\/h4>\n\n\n\n<div style=\"height:20px\" aria-hidden=\"true\" class=\"wp-block-spacer\"><\/div>\n\n\n\n<figure class=\"wp-block-image alignleft\"><img loading=\"lazy\" decoding=\"async\" width=\"70\" height=\"70\" src=\"https:\/\/www.spielplatztreff.de\/blog\/wp-content\/uploads\/2020\/02\/icon-pfeil-rechts-rund_70x70.png\" alt=\"Rechtspfeil\" class=\"wp-image-19469\"\/><\/figure>\n\n\n\n<p>Engagierst du dich auch f\u00fcr einen Spielplatz und m\u00f6chtest deine Erfahrungen mit anderen teilen? Dann f\u00fclle unser&nbsp;<strong><a href=\"https:\/\/www.spielplatztreff.de\/index\/spielplatzpaten\" target=\"_blank\" rel=\"noopener noreferrer\">Spielplatzpaten-Formular<\/a>&nbsp;<\/strong>aus und wir stellen dein Engagement gerne in unserem Blog vor.<\/p>\n\n\n\n<div style=\"height:20px\" aria-hidden=\"true\" class=\"wp-block-spacer\"><\/div>\n\n\n\n<figure class=\"wp-block-image alignleft\"><a href=\"https:\/\/www.spielplatztreff.de\/blog\/kinder-und-teenies-brauchen-rueckzugsorte\/\" target=\"_blank\" rel=\"noopener noreferrer\"><img loading=\"lazy\" decoding=\"async\" width=\"100\" height=\"100\" src=\"https:\/\/www.spielplatztreff.de\/blog\/wp-content\/uploads\/2015\/10\/jens-weymann-spielplatzpate-in-muelheim_100x100.jpg\" alt=\"jens-weymann-spielplatzpate-in-muelheim_100x100\" class=\"wp-image-13081\"\/><\/a><\/figure>\n\n\n\n<p><a href=\"https:\/\/www.spielplatztreff.de\/blog\/kinder-und-teenies-brauchen-rueckzugsorte\/\" target=\"_blank\" rel=\"noopener noreferrer\">&#8220;KINDER UND TEENS BRAUCHEN R\u00dcCKZUGSORTE&#8221; <\/a><br><strong>Steckbrief von Jens Weymann aus M\u00fclheim an der Ruhe<\/strong>, seit \u00fcber 20 Jahren Spielplatzpate.<\/p>\n\n\n\n<div style=\"height:20px\" aria-hidden=\"true\" class=\"wp-block-spacer\"><\/div>\n\n\n\n<figure class=\"wp-block-image alignleft\"><img loading=\"lazy\" decoding=\"async\" width=\"100\" height=\"100\" src=\"https:\/\/www.spielplatztreff.de\/blog\/wp-content\/uploads\/2015\/10\/profilbild-katja-schmidt_100x100.jpg\" alt=\"profilbild-katja-schmidt_100x100\" class=\"wp-image-13106\"\/><\/figure>\n\n\n\n<p><a href=\"https:\/\/www.spielplatztreff.de\/blog\/man-kann-was-erreichen-wenn-man-sich-reinhaengt\/\" target=\"_blank\" rel=\"noopener noreferrer\">&#8220;MAN KANN WAS ERREICHEN, WENN MAN SICH REINH\u00c4NGT&#8221;<\/a><br><strong>Steckbrief von Katja Schmidt aus Hagen<\/strong>, seit 2 Jahren Spielplatzpatin.<\/p>\n\n\n\n<div style=\"height:20px\" aria-hidden=\"true\" class=\"wp-block-spacer\"><\/div>\n\n\n\n<figure class=\"wp-block-image alignleft\"><a href=\"https:\/\/www.spielplatztreff.de\/blog\/ich-habe-spass-daran-verantwortung-zu-uebernehmen\/\"><img loading=\"lazy\" decoding=\"async\" width=\"100\" height=\"100\" src=\"https:\/\/www.spielplatztreff.de\/blog\/wp-content\/uploads\/2015\/10\/maren-ribhege-spielplatzpatin-muelheim_100x100.jpg\" alt=\"maren-ribhege-spielplatzpatin-muelheim_100x100\" class=\"wp-image-13185\"\/><\/a><\/figure>\n\n\n\n<p><a title=\"Permalink zu \u201eICH HABE SPASS DARAN, VERANTWORTUNG ZU \u00dcBERNEHMEN\u201c\" href=\"https:\/\/www.spielplatztreff.de\/blog\/ich-habe-spass-daran-verantwortung-zu-uebernehmen\/\" target=\"_blank\" rel=\"bookmark noopener noreferrer\">\u201eICH HABE SPASS DARAN, VERANTWORTUNG ZU \u00dcBERNEHMEN\u201c<br><\/a><strong>Steckbrief von Maren Ribhege aus M\u00fclheim an der Ruhe<\/strong>, seit einem Jahr Spielplatzpatin.<\/p>\n\n\n\n<div style=\"height:20px\" aria-hidden=\"true\" class=\"wp-block-spacer\"><\/div>\n\n\n\n<figure class=\"wp-block-image alignleft\"><a href=\"https:\/\/www.spielplatztreff.de\/blog\/erst-war-ich-der-sheriff-jetzt-bin-ich-der-opa\/\"><img loading=\"lazy\" decoding=\"async\" width=\"100\" height=\"100\" src=\"https:\/\/www.spielplatztreff.de\/blog\/wp-content\/uploads\/2015\/11\/wolfgang-kraemer-spielplatzpate-in-mainz_100x100.jpg\" alt=\"wolfgang-kraemer-spielplatzpate-in-mainz_100x100\" class=\"wp-image-13350\"\/><\/a><\/figure>\n\n\n\n<p><a href=\"https:\/\/www.spielplatztreff.de\/blog\/erst-war-ich-der-sheriff-jetzt-bin-ich-der-opa\/\" target=\"_blank\" rel=\"noopener noreferrer\">&#8220;ERST WAR ICH DER SHERIFF. JETZT BIN ICH DER OPA.&#8221;<\/a><br><strong>Steckbrief von Wolfgang Kr\u00e4mer aus Mainz<\/strong>, seit 11 Jahren Spielplatzpate.<\/p>\n\n\n\n<div style=\"height:20px\" aria-hidden=\"true\" class=\"wp-block-spacer\"><\/div>\n\n\n\n<figure class=\"wp-block-image alignleft\"><img loading=\"lazy\" decoding=\"async\" width=\"100\" height=\"100\" src=\"https:\/\/www.spielplatztreff.de\/blog\/wp-content\/uploads\/2015\/11\/antonio-pizzulli-spielplatzpate_100x100.jpg\" alt=\"antonio-pizzulli-spielplatzpate_100x100\" class=\"wp-image-13813\"\/><\/figure>\n\n\n\n<p><a href=\"https:\/\/www.spielplatztreff.de\/blog\/die-leute-wissen-dass-ich-das-mit-herz-mache\/\" target=\"_blank\" rel=\"noopener noreferrer\">DIE LEUTE WISSEN, DASS ICH DAS MIT HERZ MACHE\u201c<br><\/a><strong>Steckbrief von Antonio Pizzulli aus K\u00f6ln<\/strong>, seit 19 Jahren Spielplatzpate.<\/p>\n\n\n\n<div style=\"height:20px\" aria-hidden=\"true\" class=\"wp-block-spacer\"><\/div>\n\n\n\n<figure class=\"wp-block-image alignleft\"><a href=\"https:\/\/www.spielplatztreff.de\/blog\/ich-komm-so-lange-bis-sie-den-fertig-gemacht-haben\/\" target=\"_blank\" rel=\"noopener noreferrer\"><img loading=\"lazy\" decoding=\"async\" width=\"100\" height=\"100\" src=\"https:\/\/www.spielplatztreff.de\/blog\/wp-content\/uploads\/2015\/11\/werner-beermann-spielplatzpate-hagen_100x100.jpg\" alt=\"werner-beermann-spielplatzpate-hagen_100x100\" class=\"wp-image-14713\"\/><\/a><\/figure>\n\n\n\n<p><a href=\"https:\/\/www.spielplatztreff.de\/blog\/ich-komme-so-lange-bis-der-bolzplatz-fertig-ist\/\" target=\"_blank\" rel=\"noopener\"><a href=\"https:\/\/www.spielplatztreff.de\/blog\/ich-komme-so-lange-bis-der-bolzplatz-fertig-ist\/\" target=\"_blank\" rel=\"noreferrer noopener\">\u201eICH KOMME SO LANGE, BIS DER BOLZPLATZ FERTIG IST.\u201c<\/a><\/a><br><strong>Steckbrief von Werner Beermann aus Hagen-Haspe<\/strong>, seit 11 Jahren Spielplatzpate.<\/p>\n\n\n\n<div style=\"height:20px\" aria-hidden=\"true\" class=\"wp-block-spacer\"><\/div>\n\n\n\n<figure class=\"wp-block-image alignleft\"><a href=\"https:\/\/www.spielplatztreff.de\/blog\/schueler-spielplatzpaten-es-macht-spass-und-fuehlt-sich-gut-an\/\" target=\"_blank\" rel=\"noopener noreferrer\"><img loading=\"lazy\" decoding=\"async\" width=\"100\" height=\"100\" src=\"https:\/\/www.spielplatztreff.de\/blog\/wp-content\/uploads\/2016\/12\/schueler-spielplatzpaten_100x100.png\" alt=\"schueler-spielplatzpaten_100x100\" class=\"wp-image-14880\"\/><\/a><\/figure>\n\n\n\n<p><a href=\"https:\/\/www.spielplatztreff.de\/blog\/schueler-spielplatzpaten-es-macht-spass-und-fuehlt-sich-gut-an\/\" target=\"_blank\" rel=\"noopener noreferrer\"><\/a><a href=\"https:\/\/www.spielplatztreff.de\/blog\/spielplatzpate-sein-macht-spass-und-fuehlt-sich-gut-an\/\" target=\"_blank\" rel=\"noreferrer noopener\">\u201eSPIELPLATZPATE SEIN MACHT SPASS UND F\u00dcHLT SICH GUT AN\u201c<\/a><br><strong>Steckbrief der Viertkl\u00e4ssler in Mettmann<\/strong>, f\u00fcr ein halbes Jahr sind sie gemeinsam Spielplatzpaten an ihrer Schule.<\/p>\n\n\n\n<div style=\"height:20px\" aria-hidden=\"true\" class=\"wp-block-spacer\"><\/div>\n\n\n\n<figure class=\"wp-block-image alignleft\"><a href=\"https:\/\/www.spielplatztreff.de\/blog\/beim-spielen-vergisst-man-ganz-die-zeit\/\" target=\"_blank\" rel=\"noopener noreferrer\"><img loading=\"lazy\" decoding=\"async\" width=\"100\" height=\"100\" src=\"https:\/\/www.spielplatztreff.de\/blog\/wp-content\/uploads\/2017\/02\/spielplatzpatin-lina-monheim2_100x100.jpg\" alt=\"\" class=\"wp-image-15031\"\/><\/a><\/figure>\n\n\n\n<p><a href=\"https:\/\/www.spielplatztreff.de\/blog\/beim-spielen-vergisst-man-ganz-die-zeit\/\" target=\"_blank\" rel=\"noopener noreferrer\">&#8220;BEIM SPIELEN VERGISST MAN GANZ DIE ZEIT&#8230;&#8221;<\/a><strong><br>Steckbrief von Lina Kregel aus Monheim<\/strong>, seit einem Jahr Spielplatzpatin.<\/p>\n\n\n\n<div style=\"height:20px\" aria-hidden=\"true\" class=\"wp-block-spacer\"><\/div>\n\n\n\n<div style=\"height:20px\" aria-hidden=\"true\" class=\"wp-block-spacer\"><\/div>\n\n\n\n<p><em>Titel-Foto: Spielplatzpate Uwe Grunert auf &#8220;seinem&#8221; Spielplatz in K\u00f6ln \u00a9Schilling<\/em><\/p>\n","protected":false},"excerpt":{"rendered":"<p>Uwe Grunert ist 61 Jahre alt, dreifacher Vater, war Zivilangestellter bei der Bundeswehr und ist mittlerweile im Vorruhestand. Seit 12 Jahren k\u00fcmmert er sich als Spielplatzpate auf dem Spielplatz in der Brehmstra\u00dfe in K\u00f6ln-Riehl. Darum bin ich Spielplatzpate: Der Spielplatz sah total verhunzt aus. Wir wohnen schon seit 1992 direkt neben dem Spielplatz Brehmstra\u00dfe in [&hellip;]<\/p>\n","protected":false},"author":2,"featured_media":13070,"comment_status":"open","ping_status":"open","sticky":false,"template":"","format":"standard","meta":{"_et_pb_use_builder":"","_et_pb_old_content":"","_et_gb_content_width":"","_monsterinsights_skip_tracking":false,"_monsterinsights_sitenote_active":false,"_monsterinsights_sitenote_note":"","_monsterinsights_sitenote_category":0,"footnotes":""},"categories":[204],"tags":[477,312,58],"class_list":["post-13068","post","type-post","status-publish","format-standard","has-post-thumbnail","hentry","category-engagement","tag-ehrenamt","tag-erfahrungsaustausch","tag-spielplatzpatenschaft","et-has-post-format-content","et_post_format-et-post-format-standard"],"aioseo_notices":[],"_links":{"self":[{"href":"https:\/\/www.spielplatztreff.de\/blog\/wp-json\/wp\/v2\/posts\/13068","targetHints":{"allow":["GET"]}}],"collection":[{"href":"https:\/\/www.spielplatztreff.de\/blog\/wp-json\/wp\/v2\/posts"}],"about":[{"href":"https:\/\/www.spielplatztreff.de\/blog\/wp-json\/wp\/v2\/types\/post"}],"author":[{"embeddable":true,"href":"https:\/\/www.spielplatztreff.de\/blog\/wp-json\/wp\/v2\/users\/2"}],"replies":[{"embeddable":true,"href":"https:\/\/www.spielplatztreff.de\/blog\/wp-json\/wp\/v2\/comments?post=13068"}],"version-history":[{"count":47,"href":"https:\/\/www.spielplatztreff.de\/blog\/wp-json\/wp\/v2\/posts\/13068\/revisions"}],"predecessor-version":[{"id":30529,"href":"https:\/\/www.spielplatztreff.de\/blog\/wp-json\/wp\/v2\/posts\/13068\/revisions\/30529"}],"wp:featuredmedia":[{"embeddable":true,"href":"https:\/\/www.spielplatztreff.de\/blog\/wp-json\/wp\/v2\/media\/13070"}],"wp:attachment":[{"href":"https:\/\/www.spielplatztreff.de\/blog\/wp-json\/wp\/v2\/media?parent=13068"}],"wp:term":[{"taxonomy":"category","embeddable":true,"href":"https:\/\/www.spielplatztreff.de\/blog\/wp-json\/wp\/v2\/categories?post=13068"},{"taxonomy":"post_tag","embeddable":true,"href":"https:\/\/www.spielplatztreff.de\/blog\/wp-json\/wp\/v2\/tags?post=13068"}],"curies":[{"name":"wp","href":"https:\/\/api.w.org\/{rel}","templated":true}]}}